{"id":38422,"date":"2017-08-14T08:29:40","date_gmt":"2017-08-14T08:29:40","guid":{"rendered":"http:\/\/www.cosmoty.de\/test\/?p=38422"},"modified":"2017-08-14T08:29:40","modified_gmt":"2017-08-14T08:29:40","slug":"haarfaerbemittel","status":"publish","type":"post","link":"https:\/\/www.cosmoty.de\/test\/haarfaerbemittel\/","title":{"rendered":"Haarf\u00e4rbemittel Test"},"content":{"rendered":"<div class=\"intro\">\n<ul>\n<li>Bei Haarf\u00e4rbemitteln unterscheidet man zwischen der Haart\u00f6nung, einer Intensivt\u00f6nung sowie der eigentlichen Coloration.<\/li>\n<li>Tests haben ergeben, dass kaum ein Haarf\u00e4rbemittel ohne chemische Zus\u00e4tze auskommt.<\/li>\n<li>Wollen Sie auf Nummer Sicher gehen, dann passen Sie Ihre Naturhaarfarbe mit nat\u00fcrlichen Hausmitteln an. Extreme Farbver\u00e4nderungen sind auf diese Weise jedoch nicht m\u00f6glich.<\/li>\n<\/ul>\n<\/div>\n<p><img loading=\"lazy\" decoding=\"async\" class=\"aligncenter wp-image-38425 size-full-width-teaser\" src=\"http:\/\/www.cosmoty.de\/test\/wp-content\/uploads\/2017\/07\/Fotolia_103948154_Subscription_Monthly_M-12-770x330.jpg\" alt=\"haarf\u00e4rbemitteln-test\" width=\"770\" height=\"330\" srcset=\"https:\/\/www.cosmoty.de\/test\/wp-content\/uploads\/2017\/07\/Fotolia_103948154_Subscription_Monthly_M-12-770x330.jpg 770w, https:\/\/www.cosmoty.de\/test\/wp-content\/uploads\/2017\/07\/Fotolia_103948154_Subscription_Monthly_M-12-300x129.jpg 300w, https:\/\/www.cosmoty.de\/test\/wp-content\/uploads\/2017\/07\/Fotolia_103948154_Subscription_Monthly_M-12-768x329.jpg 768w, https:\/\/www.cosmoty.de\/test\/wp-content\/uploads\/2017\/07\/Fotolia_103948154_Subscription_Monthly_M-12-1024x439.jpg 1024w, https:\/\/www.cosmoty.de\/test\/wp-content\/uploads\/2017\/07\/Fotolia_103948154_Subscription_Monthly_M-12-1200x514.jpg 1200w, https:\/\/www.cosmoty.de\/test\/wp-content\/uploads\/2017\/07\/Fotolia_103948154_Subscription_Monthly_M-12.jpg 1690w\" sizes=\"auto, (max-width: 709px) 85vw, (max-width: 909px) 67vw, (max-width: 984px) 61vw, (max-width: 1362px) 45vw, 600px\" \/><br \/>\nUmfragen haben ergeben, dass mittlerweile jede zweite Frau regelm\u00e4\u00dfig zu einer Art Haarf\u00e4rbemittel greift, um an der nat\u00fcrlichen Haarfarbe etwas zu \u00e4ndern. <strong>Die Coloration ist seit vielen Jahren ein ungebrochener Dauerbrenner<\/strong>. Der Grund daf\u00fcr ist denkbar schlicht: Trends in der Kategorie \u201eKopf und Haare\u201c \u00e4ndern sich schneller, als so manchem lieb ist. Heute freche Kurzhaarfrisur, morgen knallige Haarspitzen, \u00fcbermorgen vielleicht ein Bob in nat\u00fcrlichen T\u00f6nen.<\/p>\n<p>Jede Saison hat ihre Frisur, jede Jahreszeit ihren eigenen Haartrend. Wer bei diesen st\u00e4ndigen Wechseln auf dem Kopf mithalten und m\u00f6glichst wenig Haare lassen m\u00f6chte, der sollte das <strong>f\u00fcr sein Haar beste Haarf\u00e4rbemittel finden<\/strong>. Wir machen f\u00fcr Sie den direkten Vergleich von Haarf\u00e4rbemitteln.\u00a0Welche Haarfarben sind gef\u00e4hrlich? Welche Inhaltsstoffe stellen sich als unbedenklich heraus? Was sind die Testsieger in den <strong>Haarf\u00e4rbemittel-Tests 2026<\/strong>?<\/p>\n<ul class=\"unordered-list\">\n<li><a href=\"http:\/\/www.cosmoty.de\/test\/intensivtoenung\/\" target=\"_blank\" rel=\"noopener noreferrer\">Zum Vergleich von Intensivt\u00f6nungen<\/a><\/li>\n<li><a href=\"http:\/\/www.cosmoty.de\/test\/?p=39348&amp;preview=true\" target=\"_blank\" rel=\"noopener noreferrer\">Zum Vergleich von Haarkreide<\/a><\/li>\n<li><a href=\"http:\/\/www.cosmoty.de\/test\/?p=37129&amp;preview=true\" target=\"_blank\" rel=\"noopener noreferrer\">Zum Vergleich von Haar\u00f6l<\/a><\/li>\n<\/ul>\n<h3>1. Haart\u00f6nung oder Haarf\u00e4rbung?<\/h3>\n<figure id=\"attachment_38431\" aria-describedby=\"caption-attachment-38431\" style=\"width: 300px\" class=\"wp-caption alignright\"><img loading=\"lazy\" decoding=\"async\" class=\"size-medium wp-image-38431\" src=\"http:\/\/www.cosmoty.de\/test\/wp-content\/uploads\/2017\/07\/Fotolia_130531716_Subscription_Monthly_M-300x200.jpg\" alt=\"\" width=\"300\" height=\"200\" srcset=\"https:\/\/www.cosmoty.de\/test\/wp-content\/uploads\/2017\/07\/Fotolia_130531716_Subscription_Monthly_M-300x200.jpg 300w, https:\/\/www.cosmoty.de\/test\/wp-content\/uploads\/2017\/07\/Fotolia_130531716_Subscription_Monthly_M-768x512.jpg 768w, https:\/\/www.cosmoty.de\/test\/wp-content\/uploads\/2017\/07\/Fotolia_130531716_Subscription_Monthly_M-1024x682.jpg 1024w, https:\/\/www.cosmoty.de\/test\/wp-content\/uploads\/2017\/07\/Fotolia_130531716_Subscription_Monthly_M-1200x800.jpg 1200w, https:\/\/www.cosmoty.de\/test\/wp-content\/uploads\/2017\/07\/Fotolia_130531716_Subscription_Monthly_M.jpg 1688w\" sizes=\"auto, (max-width: 300px) 85vw, 300px\" \/><figcaption id=\"caption-attachment-38431\" class=\"wp-caption-text\">Entscheiden Sie selbst, ob Sie Ihr Aussehen komplett \u00e4ndern oder das Haar nur um einige Nuancen anpassen wollen.<\/figcaption><\/figure>\n<p>Viele Frauen \u2013 aber auch M\u00e4nner \u2013 sehen sich schon vor dem eigentlichen F\u00e4rben der Haare Fragen und Entscheidungen ausgesetzt: F\u00fcr welches Produkt soll ich mich entscheiden? <strong>Was ist der Unterschied zwischen Haare F\u00e4rben und Haare T\u00f6nen?<\/strong> Welche Methode ist f\u00fcr meine Haare am besten geeignet?\u00a0<strong>Beim T\u00f6nen geht es darum, die Haare \u00e4u\u00dferlich zu f\u00e4rben.<\/strong><\/p>\n<p>Ihre Haare nehmen die Farbe dabei nicht wirklich auf, sondern werden vielmehr von ihr eingeh\u00fcllt. Mit einer T\u00f6nung erreichte Farbe bleibt auf dem Haar daher etwa sechs bis acht Haarw\u00e4schen erhalten. Mit jeder W\u00e4sche bleibt die Farbe etwas mehr aus. Zwischen der T\u00f6nung und einer echten F\u00e4rbung ist die Haarbehandlung mit einer Intensivt\u00f6nung einzustufen.<\/p>\n<p><strong>Unter Intensivt\u00f6nung versteht man eine schwache F\u00e4rbung der Haare<\/strong>. Diese wird durch chemische Prozesse erreicht, die f\u00fcr eine k\u00fcnstliche Pigmentierung im Haar sorgen. Die Ergebnisse einer <strong>Intensivt\u00f6nung halten etwa sechs bis acht Wochen<\/strong>.<\/p>\n<blockquote class=\"success\"><p><strong>Tipp: <\/strong>Wer seine Haare um nur einen Ton aufhellen oder abdunkeln m\u00f6chte, der sollte zu einer Intensivt\u00f6nung greifen. Allerdings werden graue und wei\u00dfe Haare nur bedingt abgedeckt.<\/p><\/blockquote>\n<p>Mit echter Haarfarbe k\u00f6nnen Sie die Farbe Ihrer Haare auf Dauer \u00e4ndern. Durch einen chemischen Prozess \u00e4ndert sich die Farbe Ihrer Haare. <strong>Mit einer F\u00e4rbung lassen sich extreme Farb\u00e4nderungen der Haarfarbe vornehmen<\/strong>, sogar wei\u00dfe und graue Haare abdecken. Mit einer Coloration k\u00f6nnen sogar dunkle Haare dauerhaft um bis zu zwei T\u00f6ne aufgehellt werden.<\/p>\n<div class=\"pro-contra\">\n<ul class=\"pro\">\n<li>im Gegensatz zu T\u00f6nungen halten aus F\u00e4rbungen gestaltete Farben dauerhaft<\/li>\n<li>starke Haarver\u00e4nderungen sind m\u00f6glich<\/li>\n<li>echte Haarfarbe kann Blondieren<\/li>\n<li>zuverl\u00e4ssige Grauhaarabdeckung<\/li>\n<\/ul>\n<ul class=\"contra\">\n<li>l\u00e4sst sich nicht auswaschen<\/li>\n<li>setzt chemische Prozesse beim Umf\u00e4rben in Gang<\/li>\n<li>kein Austesten verschiedener Looks m\u00f6glich, da permanente Farbe<\/li>\n<li>\u00c4nderung oft nur durch Umf\u00e4rben oder sogar Auswachsen m\u00f6glich<\/li>\n<\/ul>\n<\/div>\n<blockquote class=\"warning\"><p><strong>Hinweis: <\/strong>Ob es sich bei einem Haarf\u00e4rbemittel um eine T\u00f6nung oder eine F\u00e4rbung handelt, erkennen Sie an der Haltbarkeitsstufe auf der Verpackung. T\u00f6nungen haben Stufe 1, Intensivt\u00f6nungen Stufe 2 und F\u00e4rbungen Stufe 3.<\/p><\/blockquote>\n<h3>2. Welche Haarf\u00e4rbemittel sind unbedenklich?<\/h3>\n<p><strong>Ob ein Haarf\u00e4rbemittel unbedenklich ist, h\u00e4ngt vor allem von seinen Inhaltsstoffen ab.<\/strong><br \/>\nBei der tempor\u00e4ren Haarf\u00e4rbung bzw. T\u00f6nung der Haare werden <strong>Azo-, Triphenylmethan und Anthrachinon-Farbstoffe verwendet<\/strong>, die sich schon nach wenigen Haarw\u00e4schen vollst\u00e4ndig entfernen lassen. Sie \u00e4ndern die nat\u00fcrliche Haarfarbe nur leicht ab, dringen nicht direkt ins Haar ein und erweisen sich daher als unsch\u00e4dlich.<\/p>\n<blockquote class=\"alert\"><p><strong>Achtung:\u00a0<\/strong>Testen Sie dennoch vor jeder Anwendung, ob bei Ihnen eine Allergie auf ein bestimmtes F\u00e4rbemittel vorliegt.<\/p><\/blockquote>\n<figure id=\"attachment_38427\" aria-describedby=\"caption-attachment-38427\" style=\"width: 300px\" class=\"wp-caption alignright\"><img loading=\"lazy\" decoding=\"async\" class=\"size-medium wp-image-38427\" src=\"http:\/\/www.cosmoty.de\/test\/wp-content\/uploads\/2017\/07\/F\u00e4rbemittel-f\u00fcr-Haare-300x199.jpg\" alt=\"\" width=\"300\" height=\"199\" srcset=\"https:\/\/www.cosmoty.de\/test\/wp-content\/uploads\/2017\/07\/F\u00e4rbemittel-f\u00fcr-Haare-300x199.jpg 300w, https:\/\/www.cosmoty.de\/test\/wp-content\/uploads\/2017\/07\/F\u00e4rbemittel-f\u00fcr-Haare-768x510.jpg 768w, https:\/\/www.cosmoty.de\/test\/wp-content\/uploads\/2017\/07\/F\u00e4rbemittel-f\u00fcr-Haare-1024x680.jpg 1024w, https:\/\/www.cosmoty.de\/test\/wp-content\/uploads\/2017\/07\/F\u00e4rbemittel-f\u00fcr-Haare-1200x797.jpg 1200w, https:\/\/www.cosmoty.de\/test\/wp-content\/uploads\/2017\/07\/F\u00e4rbemittel-f\u00fcr-Haare.jpg 1691w\" sizes=\"auto, (max-width: 300px) 85vw, 300px\" \/><figcaption id=\"caption-attachment-38427\" class=\"wp-caption-text\">T\u00f6nung, Intensivt\u00f6nung und F\u00e4rbung arbeiten unterschiedlich auf dem Kopf.<\/figcaption><\/figure>\n<p>Produkte zur Intensivt\u00f6nung beinhalten semipermanente Farbstoffe, d<strong>ie eine hohe Affinit\u00e4t zum Keratin, ein wasserunl\u00f6sliches Faserprotein des Haares aufweisen<\/strong>. Die Farbver\u00e4nderung kommt hier durch eine physikalische Bindung der Farbstoffe zustande. Als synthetische Haarf\u00e4rbemittel kommen Nitrophenyldiamine, Azo- und Chinonimin-Farbstoffe in Verbindung mit organischen L\u00f6sungsvermittlern wie Glycolether oder Polypropylen zum Einsatz. Zu den nat\u00fcrlichen Haarf\u00e4rbemitteln in diesem Bereich z\u00e4hlen Henna, Reng, Kamille, Holz- und Rindenextrakt sowie Rastik. Wer eine dauerhafte Haarf\u00e4rbung anstrebt, sollte bedenken, dass diese kaum ohne starke Wirkstoffe auskommen.<\/p>\n<p><strong>Die nat\u00fcrliche Haarstruktur wird von den chemischen Substanzen aufgebrochen<\/strong>, diese wandern ins Haarinnere, wo sie einen neuen Farbstoff kreieren. H\u00e4ufiges Behandeln der Haare mit solchen Haarf\u00e4rbemitteln sch\u00e4digt Haare, wodurch Glanz verloren geht und die K\u00e4mmbarkeit negativ beeinflusst wird.<\/p>\n<p><strong>Ein beliebter Inhaltsstoff permanenter Haarf\u00e4rbemittel ist Wasserstoffperoxid.<\/strong> Da dieses die Haarfaser sch\u00e4digt, versuchen vermehrt Unternehmen, die Verbindung mit Dicarbonylgruppen und Aminoverbindungen zu ersetzen. Je nach Zusammensetzung k\u00f6nnen die Produkte zudem Ammoniak, Emulgatoren und Wasser enthalten.<\/p>\n<blockquote class=\"alert\"><p><strong>Achtung:<\/strong> Bei empfindlichen Personen kann es bei der Anwendung permanenter Haarfarben zu Hautreizungen kommen.<\/p><\/blockquote>\n<table>\n<thead>\n<tr>\n<th>Produkttyp<\/th>\n<th>Details<\/th>\n<\/tr>\n<\/thead>\n<tbody>\n<tr>\n<td><strong>T\u00f6nung<\/strong><\/p>\n<p>&nbsp;<\/td>\n<td>\n<ul>\n<li>h\u00e4lt sechs bis acht Haarw\u00e4schen<\/li>\n<li>kleine Anpassungen der Haarfarbe<\/li>\n<li>kommt meist ohne gef\u00e4hrliche Stoffe aus<\/li>\n<li>keine Grauhaarabdeckung<\/li>\n<\/ul>\n<\/td>\n<\/tr>\n<tr>\n<td><strong>Intensivt\u00f6nung<\/strong><\/p>\n<p>&nbsp;<\/td>\n<td>\n<ul>\n<li>h\u00e4lt sechs bis acht Wochen<\/li>\n<li>Farbver\u00e4nderungen um bis zu zwei Nuancen m\u00f6glich<\/li>\n<li>kann allergieausl\u00f6sende Substanzen enthalten<\/li>\n<li>bedingte Grauhaarabdeckung<\/li>\n<\/ul>\n<\/td>\n<\/tr>\n<tr>\n<td><strong>F\u00e4rbung<\/strong><\/p>\n<p>&nbsp;<\/td>\n<td>\n<ul>\n<li>dauerhaft haltbar<\/li>\n<li>auch extreme \u00c4nderungen der Haarfarbe m\u00f6glich<\/li>\n<li>chemische Stoffe k\u00f6nnen Hautreizungen und Allergien ausl\u00f6sen<\/li>\n<li>perfekte Grauhaarabdeckung<\/li>\n<\/ul>\n<\/td>\n<\/tr>\n<\/tbody>\n<\/table>\n<h3>3. Naturfarben auf dem Vormarsch?<\/h3>\n<div class=\"keyfacts\">\n<h5>\u201eEin Krebsrisiko durch aktuell in der EU erh\u00e4ltliche Haarf\u00e4rbemittel besteht nicht\u201c<\/h5>\n<p>So der derzeitige Standpunkt des wissenschaftlichen Beratergremiums der EU-Kommission. Im Jahr 2003 wurden verschiedenste Mittel zum Haare f\u00e4rben von Toxikologen untersucht. Von 381 F\u00e4rbechemikalien landeten rund 200 Stoffe rasch auf einer Verbotsliste. Mehr als 70 Substanzen stehen mittlerweile auf einer Positivliste.<\/p>\n<\/div>\n<p>Durch und durch nat\u00fcrliche Produkte werden immer beliebter, auch in der Kategorie \u201eHaarf\u00e4rbemittel\u201c. Wer mit Kamille, Henna oder Walnuss seine Haare f\u00e4rben kann, ist hipp im Bekanntenkreis. Immer mehr gro\u00dfe Hersteller haben erkannt, dass die Beliebtheit von Chemieprodukten sinkt, <strong>Naturprodukte jedoch immer attraktiver werden<\/strong>.<br \/>\nEin Grund: So mancher Test zu Haarf\u00e4rbemitteln, etwa von Stiftung Warentest oder \u00d6kotest zeigte in der Vergangenheit, dass die <strong>chemischen Kunstfarben im Vergleich schlecht abschneiden<\/strong>. F\u00fcr eine zuverl\u00e4ssige F\u00e4rbung kommen Chemikalien zum Einsatz, die unter Umst\u00e4nden gesundheitliche Nebenwirkungen haben k\u00f6nnen.<\/p>\n<p>Wenn Sie zu Haarf\u00e4rbemitteln greifen, sollten Sie sich dar\u00fcber im Klaren sein, dass nur die Wenigsten zur G\u00e4nze ohne Chemie auskommen. Medien und Verbraucherinstitute machen immer wieder darauf aufmerksam, dass <strong>selbst Naturfarben unter den Haarf\u00e4rbemitteln im Test nicht ohne chemische Wirkstoffe<\/strong> auskommen. Zwar werben die Marken mit \u201ePflanzenextrakten\u201c oder \u201eInhaltsstoffen mit Bio-Zertifizierung\u201c, doch verbirgt sich dahinter meist doch die Chemiekeule.<br \/>\nZu den meist gekauften Marken zum Haare f\u00e4rben z\u00e4hlen Produkte von:<\/p>\n<ul class=\"cloud\">\n<li>L`Oreal Paris<\/li>\n<li>Schwarzkopf<\/li>\n<li>Logona<\/li>\n<li>Garnier<\/li>\n<li>Syoss<\/li>\n<li>Sante<\/li>\n<li>Wella<\/li>\n<li>La Riche Directions<\/li>\n<li>Nanogen<\/li>\n<\/ul>\n<h3>4. Haarf\u00e4rbemittel einfach selber machen?<\/h3>\n<p>Aufgrund bedenklicher Inhaltsstoffe greifen manche Anwender mittlerweile zu pflanzlichen Substanzen, um ihren Haaren zu neuer Farbe zu verhelfen.<\/p>\n<h4>4.1. Wie werde ich auf nat\u00fcrliche Weise zum Blondschopf?<\/h4>\n<p><strong>Wollen Sie Ihre Haare auf nat\u00fcrliche Weise aufhellen, so k\u00f6nnen Sie zu Kamillentee, frischen Zitronensatz oder Honig greifen.<\/strong> Der in der Kamille enthaltene Bl\u00fctenfarbstoff Apigenin etwa bewirkt eine leichte Gelbf\u00e4rbung des Haares \u2013 es erscheint leuchtend blond. Jedoch sollten Sie bei dieser Anwendung keine Wunder erwarten. <strong>Haare k\u00f6nnen ohne Chemie nicht heller gef\u00e4rbt werden, lediglich leicht aufgehellt.<\/strong><br \/>\nUnd so hellen Sie Ihre Naturhaarfarbe auf: Sechs Teebeutel Kamillentee in einem Liter Wasser aufkochen, abk\u00fchlen lassen. Die Haare dann mit dem kalten Tee durchsp\u00fclen und einige Zeit einwirken lassen. Danach aussp\u00fclen und Haare wie gewohnt waschen.<\/p>\n<blockquote class=\"warning\"><p><strong>Hinweis: <\/strong>Das nat\u00fcrliche Aufhellen der Haare raten wir nur \u201eechten\u201c Blondinen. Bei anderen Haarfarben \u00fcberzeugen Kamille und Co. nicht.<\/p><\/blockquote>\n<h4>4.2. Kann ich ohne Chemiekeule zum Rotfuchs werden?<\/h4>\n<figure id=\"attachment_38430\" aria-describedby=\"caption-attachment-38430\" style=\"width: 300px\" class=\"wp-caption alignright\"><img loading=\"lazy\" decoding=\"async\" class=\"size-medium wp-image-38430\" src=\"http:\/\/www.cosmoty.de\/test\/wp-content\/uploads\/2017\/07\/shutterstock_589486742-Nina-Lishchuk2-300x200.jpg\" alt=\"\" width=\"300\" height=\"200\" srcset=\"https:\/\/www.cosmoty.de\/test\/wp-content\/uploads\/2017\/07\/shutterstock_589486742-Nina-Lishchuk2-300x200.jpg 300w, https:\/\/www.cosmoty.de\/test\/wp-content\/uploads\/2017\/07\/shutterstock_589486742-Nina-Lishchuk2-768x513.jpg 768w, https:\/\/www.cosmoty.de\/test\/wp-content\/uploads\/2017\/07\/shutterstock_589486742-Nina-Lishchuk2.jpg 882w\" sizes=\"auto, (max-width: 300px) 85vw, 300px\" \/><figcaption id=\"caption-attachment-38430\" class=\"wp-caption-text\">Hennafarbe wird auch zum Bemalen von Haut verwendet.<\/figcaption><\/figure>\n<p>Die Bl\u00e4tter und St\u00e4ngel der Pflanze Lawsonia alba Lam. beinhalten als Farbkomponente 2-Oxy-1,4- naphtochinon. Werden Bl\u00e4tter und St\u00e4ngel getrocknet, anschlie\u00dfend verpulvert, so erh\u00e4lt man den <a href=\"http:\/\/www.apotheken-umschau.de\/Kosmetik--Pflege\/Henna-Schaedlich-oder-unbedenklich-338899.html\" target=\"_blank\" rel=\"noopener noreferrer\">Farbstoff Henna<\/a>.<\/p>\n<p>Im Gegensatz zu herk\u00f6mmlichen Haarf\u00e4rbemitteln l<strong>egt sich Henna sanft wie ein Film um die Haare<\/strong>. Dazu muss der F<strong>arbstoff in hei\u00dfem Wasser gel\u00f6st werden<\/strong>. Das Farbergebnis durch das Haarf\u00e4rbemittel Henna h\u00e4ngt stark von der eigenen Haarstruktur sowie der Naturhaarfarbe ab. Au\u00dferdem: Je l\u00e4nger die Einwirkzeit, desto intensiver die Farbe. Von leichten kastanienfarbenen T\u00f6nen bis tiefem Rotbraun ist alles dabei.<\/p>\n<blockquote class=\"success\"><p><strong>Tipp: <\/strong> Tragen Sie bei der Verwendung von Henna unbedingt Handschuhe. Der nat\u00fcrliche Farbstoff kann sonst auch Ihrer Haut einen roten Touch verleihen.<\/p><\/blockquote>\n<p>Ein weiterer Tipp von uns: Der Farbstoff Reng kommt in den Bl\u00e4ttern der Indigopflanze vor. Gemeinsam mit Henna angewendet, erh\u00e4lt man je nach Mischverh\u00e4ltnis Farbt\u00f6ne zwischen rotblond und schwarz.<\/p>\n<h4>4.3. Schwarze Haare ohne F\u00e4rbung \u2013 geht das?<\/h4>\n<p>Wer seine Haarpracht dunkler haben m\u00f6chte, der kann sie mit schwarzem Tee, Walnuss-Schalen und Kastanienbl\u00e4ttern, aber auch Rastik behandeln. <strong>Rastik ist ein Gemisch aus Pyrogallol, durch R\u00f6sten von Gall\u00e4pfeln gewonnen<\/strong>\u00a0<strong>und Eisen- sowie Kupfersalzen<\/strong>. Mit Rastik behandeltes Haar erh\u00e4lt eine tiefschwarze F\u00e4rbung. Die Anwendung von Schwarztee ist denkbar einfach. Vier Beutel Tee in einer Tasse mit kochendem Wasser \u00fcbergie\u00dfen und ziehen lassen, bis der Tee nur noch lauwarm ist. Den Schwarztee anschlie\u00dfend \u00fcber das feuchte Haar gie\u00dfen und etwa eine Stunde einwirken lassen. Im Anschluss auswaschen, bis das Wasser klar ist.<\/p>\n<p>Wollen Sie die F<strong>\u00e4rbung mithilfe von Walnuss-Schalen ausprobieren, dann sollten Sie diese zun\u00e4chst in der Kaffeem\u00fchle mahlen<\/strong>. Acht Essl\u00f6ffel des Pulvers anschlie\u00dfend mit einem Viertelliter kochendem Wasser \u00fcbergie\u00dfen und zu einem Brei verr\u00fchren. Geben Sie einen Essl\u00f6ffel Oliven\u00f6l dazu sowie einen Teel\u00f6ffel frischen Zitronensaft. Das ganze lassen Sie am besten zwei Stunden einwirken, dann auswaschen. Kastanienbl\u00e4tter m\u00fcssen erst zwei Tage in destilliertem Wasser eingeweicht werden, bevor sie zu einem Sud aufgekocht, abgek\u00fchlt und als nat\u00fcrliches F\u00e4rbemittel f\u00fcr die Haare verwendet werden k\u00f6nnen.<\/p>\n<span id=\"post-ratings-38422\" class=\"post-ratings hreview-aggregate\" data-nonce=\"1ffe84cba1\"><img decoding=\"async\" id=\"rating_38422_1\" src=\"https:\/\/www.cosmoty.de\/test\/wp-content\/plugins\/wp-postratings\/images\/stars_crystal\/rating_on.gif\" alt=\"1 Stern\" title=\"1 Stern\" onmouseover=\"current_rating(38422, 1, '1 Stern');\" onmouseout=\"ratings_off(4, 4, 0);\" onclick=\"rate_post();\" onkeypress=\"rate_post();\" style=\"cursor: pointer; border: 0px;\" \/><img decoding=\"async\" id=\"rating_38422_2\" src=\"https:\/\/www.cosmoty.de\/test\/wp-content\/plugins\/wp-postratings\/images\/stars_crystal\/rating_on.gif\" alt=\"2 Sterne\" title=\"2 Sterne\" onmouseover=\"current_rating(38422, 2, '2 Sterne');\" onmouseout=\"ratings_off(4, 4, 0);\" onclick=\"rate_post();\" onkeypress=\"rate_post();\" style=\"cursor: pointer; border: 0px;\" \/><img decoding=\"async\" id=\"rating_38422_3\" src=\"https:\/\/www.cosmoty.de\/test\/wp-content\/plugins\/wp-postratings\/images\/stars_crystal\/rating_on.gif\" alt=\"3 Sterne\" title=\"3 Sterne\" onmouseover=\"current_rating(38422, 3, '3 Sterne');\" onmouseout=\"ratings_off(4, 4, 0);\" onclick=\"rate_post();\" onkeypress=\"rate_post();\" style=\"cursor: pointer; border: 0px;\" \/><img decoding=\"async\" id=\"rating_38422_4\" src=\"https:\/\/www.cosmoty.de\/test\/wp-content\/plugins\/wp-postratings\/images\/stars_crystal\/rating_on.gif\" alt=\"4 Sterne\" title=\"4 Sterne\" onmouseover=\"current_rating(38422, 4, '4 Sterne');\" onmouseout=\"ratings_off(4, 4, 0);\" onclick=\"rate_post();\" onkeypress=\"rate_post();\" style=\"cursor: pointer; border: 0px;\" \/><img decoding=\"async\" id=\"rating_38422_5\" src=\"https:\/\/www.cosmoty.de\/test\/wp-content\/plugins\/wp-postratings\/images\/stars_crystal\/rating_off.gif\" alt=\"5 Sterne\" title=\"5 Sterne\" onmouseover=\"current_rating(38422, 5, '5 Sterne');\" onmouseout=\"ratings_off(4, 4, 0);\" onclick=\"rate_post();\" onkeypress=\"rate_post();\" style=\"cursor: pointer; border: 0px;\" \/> (<strong>65<\/strong> Bewertungen, Durchschnitt: <strong>3,97<\/strong> von 5)<br \/><span class=\"post-ratings-text\" id=\"ratings_38422_text\"><\/span><\/span><span id=\"post-ratings-38422-loading\" class=\"post-ratings-loading\"><img loading=\"lazy\" decoding=\"async\" src=\"https:\/\/www.cosmoty.de\/test\/wp-content\/plugins\/wp-postratings\/images\/loading.gif\" width=\"16\" height=\"16\" class=\"post-ratings-image\" \/>Loading...<\/span>","protected":false},"excerpt":{"rendered":"<p>Bei Haarf\u00e4rbemitteln unterscheidet man zwischen der Haart\u00f6nung, einer Intensivt\u00f6nung sowie der eigentlichen Coloration. Tests haben ergeben, dass kaum ein Haarf\u00e4rbemittel ohne chemische Zus\u00e4tze auskommt. Wollen Sie auf Nummer Sicher gehen, dann passen Sie Ihre Naturhaarfarbe mit nat\u00fcrlichen Hausmitteln an. Extreme Farbver\u00e4nderungen sind auf diese Weise jedoch nicht m\u00f6glich. Umfragen haben ergeben, dass mittlerweile jede zweite [&hellip;]<\/p>\n","protected":false},"author":53,"featured_media":0,"comment_status":"closed","ping_status":"closed","sticky":false,"template":"","format":"standard","meta":{"_acf_changed":false,"footnotes":""},"categories":[26],"tags":[],"class_list":["post-38422","post","type-post","status-publish","format-standard","hentry","category-haarfarben-haarpflege"],"acf":[],"yoast_head":"<!-- This site is optimized with the Yoast SEO plugin v27.4 - https:\/\/yoast.com\/product\/yoast-seo-wordpress\/ -->\n<title>Haarf\u00e4rbemittel Test &amp; Vergleich 2026 - die besten Produkte<\/title>\n<meta name=\"description\" content=\"Im \u2713 Haarf\u00e4rbemittel Test &amp; Vergleich 2026 zeigen wir Ihnen die besten Produkte im \u00dcberblick. Wichtige Kriterien sind z.B. Preis-Leistungs-Verh\u00e4ltnis, Ausstattung, Qualit\u00e4t usw. usf. \u27a4 Jetzt vergleichen und g\u00fcnstig online bestellen!\" \/>\n<meta name=\"robots\" content=\"index, follow, max-snippet:-1, max-image-preview:large, max-video-preview:-1\" \/>\n<link rel=\"canonical\" href=\"https:\/\/www.cosmoty.de\/test\/haarfaerbemittel\/\" \/>\n<meta property=\"og:locale\" content=\"de_DE\" \/>\n<meta property=\"og:type\" content=\"article\" \/>\n<meta property=\"og:title\" content=\"Haarf\u00e4rbemittel Test &amp; Vergleich 2026 - die besten Produkte\" \/>\n<meta property=\"og:description\" content=\"Im \u2713 Haarf\u00e4rbemittel Test &amp; Vergleich 2026 zeigen wir Ihnen die besten Produkte im \u00dcberblick. Wichtige Kriterien sind z.B. Preis-Leistungs-Verh\u00e4ltnis, Ausstattung, Qualit\u00e4t usw. usf. \u27a4 Jetzt vergleichen und g\u00fcnstig online bestellen!\" \/>\n<meta property=\"og:url\" content=\"https:\/\/www.cosmoty.de\/test\/haarfaerbemittel\/\" \/>\n<meta property=\"og:site_name\" content=\"Cosmoty.de\" \/>\n<meta property=\"article:published_time\" content=\"2017-08-14T08:29:40+00:00\" \/>\n<meta property=\"og:image\" content=\"http:\/\/www.cosmoty.de\/test\/wp-content\/uploads\/2017\/07\/Fotolia_103948154_Subscription_Monthly_M-12-770x330.jpg\" \/>\n<meta name=\"author\" content=\"Uenal Kocak\" \/>\n<meta name=\"twitter:card\" content=\"summary_large_image\" \/>\n<meta name=\"twitter:label1\" content=\"Verfasst von\" \/>\n\t<meta name=\"twitter:data1\" content=\"Uenal Kocak\" \/>\n\t<meta name=\"twitter:label2\" content=\"Gesch\u00e4tzte Lesezeit\" \/>\n\t<meta name=\"twitter:data2\" content=\"9\u00a0Minuten\" \/>\n<script type=\"application\/ld+json\" class=\"yoast-schema-graph\">{\"@context\":\"https:\\\/\\\/schema.org\",\"@graph\":[{\"@type\":\"Article\",\"@id\":\"https:\\\/\\\/www.cosmoty.de\\\/test\\\/haarfaerbemittel\\\/#article\",\"isPartOf\":{\"@id\":\"https:\\\/\\\/www.cosmoty.de\\\/test\\\/haarfaerbemittel\\\/\"},\"author\":{\"name\":\"Uenal Kocak\",\"@id\":\"https:\\\/\\\/www.cosmoty.de\\\/test\\\/#\\\/schema\\\/person\\\/aa85d77404614605ce8da555103142f8\"},\"headline\":\"Haarf\u00e4rbemittel Test\",\"datePublished\":\"2017-08-14T08:29:40+00:00\",\"mainEntityOfPage\":{\"@id\":\"https:\\\/\\\/www.cosmoty.de\\\/test\\\/haarfaerbemittel\\\/\"},\"wordCount\":1732,\"image\":{\"@id\":\"https:\\\/\\\/www.cosmoty.de\\\/test\\\/haarfaerbemittel\\\/#primaryimage\"},\"thumbnailUrl\":\"http:\\\/\\\/www.cosmoty.de\\\/test\\\/wp-content\\\/uploads\\\/2017\\\/07\\\/Fotolia_103948154_Subscription_Monthly_M-12-770x330.jpg\",\"articleSection\":[\"Haarfarben &amp; Haarpflege\"],\"inLanguage\":\"de\"},{\"@type\":\"WebPage\",\"@id\":\"https:\\\/\\\/www.cosmoty.de\\\/test\\\/haarfaerbemittel\\\/\",\"url\":\"https:\\\/\\\/www.cosmoty.de\\\/test\\\/haarfaerbemittel\\\/\",\"name\":\"Haarf\u00e4rbemittel Test & Vergleich 2026 - die besten Produkte\",\"isPartOf\":{\"@id\":\"https:\\\/\\\/www.cosmoty.de\\\/test\\\/#website\"},\"primaryImageOfPage\":{\"@id\":\"https:\\\/\\\/www.cosmoty.de\\\/test\\\/haarfaerbemittel\\\/#primaryimage\"},\"image\":{\"@id\":\"https:\\\/\\\/www.cosmoty.de\\\/test\\\/haarfaerbemittel\\\/#primaryimage\"},\"thumbnailUrl\":\"http:\\\/\\\/www.cosmoty.de\\\/test\\\/wp-content\\\/uploads\\\/2017\\\/07\\\/Fotolia_103948154_Subscription_Monthly_M-12-770x330.jpg\",\"datePublished\":\"2017-08-14T08:29:40+00:00\",\"author\":{\"@id\":\"https:\\\/\\\/www.cosmoty.de\\\/test\\\/#\\\/schema\\\/person\\\/aa85d77404614605ce8da555103142f8\"},\"description\":\"Im \u2713 Haarf\u00e4rbemittel Test & Vergleich 2026 zeigen wir Ihnen die besten Produkte im \u00dcberblick. Wichtige Kriterien sind z.B. Preis-Leistungs-Verh\u00e4ltnis, Ausstattung, Qualit\u00e4t usw. usf. \u27a4 Jetzt vergleichen und g\u00fcnstig online bestellen!\",\"breadcrumb\":{\"@id\":\"https:\\\/\\\/www.cosmoty.de\\\/test\\\/haarfaerbemittel\\\/#breadcrumb\"},\"inLanguage\":\"de\",\"potentialAction\":[{\"@type\":\"ReadAction\",\"target\":[\"https:\\\/\\\/www.cosmoty.de\\\/test\\\/haarfaerbemittel\\\/\"]}]},{\"@type\":\"ImageObject\",\"inLanguage\":\"de\",\"@id\":\"https:\\\/\\\/www.cosmoty.de\\\/test\\\/haarfaerbemittel\\\/#primaryimage\",\"url\":\"https:\\\/\\\/www.cosmoty.de\\\/test\\\/wp-content\\\/uploads\\\/2017\\\/07\\\/Fotolia_103948154_Subscription_Monthly_M-12.jpg\",\"contentUrl\":\"https:\\\/\\\/www.cosmoty.de\\\/test\\\/wp-content\\\/uploads\\\/2017\\\/07\\\/Fotolia_103948154_Subscription_Monthly_M-12.jpg\",\"width\":1690,\"height\":724},{\"@type\":\"BreadcrumbList\",\"@id\":\"https:\\\/\\\/www.cosmoty.de\\\/test\\\/haarfaerbemittel\\\/#breadcrumb\",\"itemListElement\":[{\"@type\":\"ListItem\",\"position\":1,\"name\":\"Startseite\",\"item\":\"https:\\\/\\\/www.cosmoty.de\\\/test\\\/\"},{\"@type\":\"ListItem\",\"position\":2,\"name\":\"Haarf\u00e4rbemittel Test\"}]},{\"@type\":\"WebSite\",\"@id\":\"https:\\\/\\\/www.cosmoty.de\\\/test\\\/#website\",\"url\":\"https:\\\/\\\/www.cosmoty.de\\\/test\\\/\",\"name\":\"Cosmoty.de\",\"description\":\"\",\"potentialAction\":[{\"@type\":\"SearchAction\",\"target\":{\"@type\":\"EntryPoint\",\"urlTemplate\":\"https:\\\/\\\/www.cosmoty.de\\\/test\\\/?s={search_term_string}\"},\"query-input\":{\"@type\":\"PropertyValueSpecification\",\"valueRequired\":true,\"valueName\":\"search_term_string\"}}],\"inLanguage\":\"de\"},{\"@type\":\"Person\",\"@id\":\"https:\\\/\\\/www.cosmoty.de\\\/test\\\/#\\\/schema\\\/person\\\/aa85d77404614605ce8da555103142f8\",\"name\":\"Uenal Kocak\",\"image\":{\"@type\":\"ImageObject\",\"inLanguage\":\"de\",\"@id\":\"https:\\\/\\\/secure.gravatar.com\\\/avatar\\\/f8ec3111478442fe1cb79e268dcaa9862fbbbd099db93280cd5ea11da841112e?s=96&d=mm&r=g\",\"url\":\"https:\\\/\\\/secure.gravatar.com\\\/avatar\\\/f8ec3111478442fe1cb79e268dcaa9862fbbbd099db93280cd5ea11da841112e?s=96&d=mm&r=g\",\"contentUrl\":\"https:\\\/\\\/secure.gravatar.com\\\/avatar\\\/f8ec3111478442fe1cb79e268dcaa9862fbbbd099db93280cd5ea11da841112e?s=96&d=mm&r=g\",\"caption\":\"Uenal Kocak\"}}]}<\/script>\n<!-- \/ Yoast SEO plugin. -->","yoast_head_json":{"title":"Haarf\u00e4rbemittel Test & Vergleich 2026 - die besten Produkte","description":"Im \u2713 Haarf\u00e4rbemittel Test & Vergleich 2026 zeigen wir Ihnen die besten Produkte im \u00dcberblick. Wichtige Kriterien sind z.B. Preis-Leistungs-Verh\u00e4ltnis, Ausstattung, Qualit\u00e4t usw. usf. \u27a4 Jetzt vergleichen und g\u00fcnstig online bestellen!","robots":{"index":"index","follow":"follow","max-snippet":"max-snippet:-1","max-image-preview":"max-image-preview:large","max-video-preview":"max-video-preview:-1"},"canonical":"https:\/\/www.cosmoty.de\/test\/haarfaerbemittel\/","og_locale":"de_DE","og_type":"article","og_title":"Haarf\u00e4rbemittel Test & Vergleich 2026 - die besten Produkte","og_description":"Im \u2713 Haarf\u00e4rbemittel Test & Vergleich 2026 zeigen wir Ihnen die besten Produkte im \u00dcberblick. Wichtige Kriterien sind z.B. Preis-Leistungs-Verh\u00e4ltnis, Ausstattung, Qualit\u00e4t usw. usf. \u27a4 Jetzt vergleichen und g\u00fcnstig online bestellen!","og_url":"https:\/\/www.cosmoty.de\/test\/haarfaerbemittel\/","og_site_name":"Cosmoty.de","article_published_time":"2017-08-14T08:29:40+00:00","og_image":[{"url":"http:\/\/www.cosmoty.de\/test\/wp-content\/uploads\/2017\/07\/Fotolia_103948154_Subscription_Monthly_M-12-770x330.jpg","type":"","width":"","height":""}],"author":"Uenal Kocak","twitter_card":"summary_large_image","twitter_misc":{"Verfasst von":"Uenal Kocak","Gesch\u00e4tzte Lesezeit":"9\u00a0Minuten"},"schema":{"@context":"https:\/\/schema.org","@graph":[{"@type":"Article","@id":"https:\/\/www.cosmoty.de\/test\/haarfaerbemittel\/#article","isPartOf":{"@id":"https:\/\/www.cosmoty.de\/test\/haarfaerbemittel\/"},"author":{"name":"Uenal Kocak","@id":"https:\/\/www.cosmoty.de\/test\/#\/schema\/person\/aa85d77404614605ce8da555103142f8"},"headline":"Haarf\u00e4rbemittel Test","datePublished":"2017-08-14T08:29:40+00:00","mainEntityOfPage":{"@id":"https:\/\/www.cosmoty.de\/test\/haarfaerbemittel\/"},"wordCount":1732,"image":{"@id":"https:\/\/www.cosmoty.de\/test\/haarfaerbemittel\/#primaryimage"},"thumbnailUrl":"http:\/\/www.cosmoty.de\/test\/wp-content\/uploads\/2017\/07\/Fotolia_103948154_Subscription_Monthly_M-12-770x330.jpg","articleSection":["Haarfarben &amp; Haarpflege"],"inLanguage":"de"},{"@type":"WebPage","@id":"https:\/\/www.cosmoty.de\/test\/haarfaerbemittel\/","url":"https:\/\/www.cosmoty.de\/test\/haarfaerbemittel\/","name":"Haarf\u00e4rbemittel Test & Vergleich 2026 - die besten Produkte","isPartOf":{"@id":"https:\/\/www.cosmoty.de\/test\/#website"},"primaryImageOfPage":{"@id":"https:\/\/www.cosmoty.de\/test\/haarfaerbemittel\/#primaryimage"},"image":{"@id":"https:\/\/www.cosmoty.de\/test\/haarfaerbemittel\/#primaryimage"},"thumbnailUrl":"http:\/\/www.cosmoty.de\/test\/wp-content\/uploads\/2017\/07\/Fotolia_103948154_Subscription_Monthly_M-12-770x330.jpg","datePublished":"2017-08-14T08:29:40+00:00","author":{"@id":"https:\/\/www.cosmoty.de\/test\/#\/schema\/person\/aa85d77404614605ce8da555103142f8"},"description":"Im \u2713 Haarf\u00e4rbemittel Test & Vergleich 2026 zeigen wir Ihnen die besten Produkte im \u00dcberblick. Wichtige Kriterien sind z.B. Preis-Leistungs-Verh\u00e4ltnis, Ausstattung, Qualit\u00e4t usw. usf. \u27a4 Jetzt vergleichen und g\u00fcnstig online bestellen!","breadcrumb":{"@id":"https:\/\/www.cosmoty.de\/test\/haarfaerbemittel\/#breadcrumb"},"inLanguage":"de","potentialAction":[{"@type":"ReadAction","target":["https:\/\/www.cosmoty.de\/test\/haarfaerbemittel\/"]}]},{"@type":"ImageObject","inLanguage":"de","@id":"https:\/\/www.cosmoty.de\/test\/haarfaerbemittel\/#primaryimage","url":"https:\/\/www.cosmoty.de\/test\/wp-content\/uploads\/2017\/07\/Fotolia_103948154_Subscription_Monthly_M-12.jpg","contentUrl":"https:\/\/www.cosmoty.de\/test\/wp-content\/uploads\/2017\/07\/Fotolia_103948154_Subscription_Monthly_M-12.jpg","width":1690,"height":724},{"@type":"BreadcrumbList","@id":"https:\/\/www.cosmoty.de\/test\/haarfaerbemittel\/#breadcrumb","itemListElement":[{"@type":"ListItem","position":1,"name":"Startseite","item":"https:\/\/www.cosmoty.de\/test\/"},{"@type":"ListItem","position":2,"name":"Haarf\u00e4rbemittel Test"}]},{"@type":"WebSite","@id":"https:\/\/www.cosmoty.de\/test\/#website","url":"https:\/\/www.cosmoty.de\/test\/","name":"Cosmoty.de","description":"","potentialAction":[{"@type":"SearchAction","target":{"@type":"EntryPoint","urlTemplate":"https:\/\/www.cosmoty.de\/test\/?s={search_term_string}"},"query-input":{"@type":"PropertyValueSpecification","valueRequired":true,"valueName":"search_term_string"}}],"inLanguage":"de"},{"@type":"Person","@id":"https:\/\/www.cosmoty.de\/test\/#\/schema\/person\/aa85d77404614605ce8da555103142f8","name":"Uenal Kocak","image":{"@type":"ImageObject","inLanguage":"de","@id":"https:\/\/secure.gravatar.com\/avatar\/f8ec3111478442fe1cb79e268dcaa9862fbbbd099db93280cd5ea11da841112e?s=96&d=mm&r=g","url":"https:\/\/secure.gravatar.com\/avatar\/f8ec3111478442fe1cb79e268dcaa9862fbbbd099db93280cd5ea11da841112e?s=96&d=mm&r=g","contentUrl":"https:\/\/secure.gravatar.com\/avatar\/f8ec3111478442fe1cb79e268dcaa9862fbbbd099db93280cd5ea11da841112e?s=96&d=mm&r=g","caption":"Uenal Kocak"}}]}},"_links":{"self":[{"href":"https:\/\/www.cosmoty.de\/test\/wp-json\/wp\/v2\/posts\/38422","targetHints":{"allow":["GET"]}}],"collection":[{"href":"https:\/\/www.cosmoty.de\/test\/wp-json\/wp\/v2\/posts"}],"about":[{"href":"https:\/\/www.cosmoty.de\/test\/wp-json\/wp\/v2\/types\/post"}],"author":[{"embeddable":true,"href":"https:\/\/www.cosmoty.de\/test\/wp-json\/wp\/v2\/users\/53"}],"replies":[{"embeddable":true,"href":"https:\/\/www.cosmoty.de\/test\/wp-json\/wp\/v2\/comments?post=38422"}],"version-history":[{"count":30,"href":"https:\/\/www.cosmoty.de\/test\/wp-json\/wp\/v2\/posts\/38422\/revisions"}],"predecessor-version":[{"id":39447,"href":"https:\/\/www.cosmoty.de\/test\/wp-json\/wp\/v2\/posts\/38422\/revisions\/39447"}],"wp:attachment":[{"href":"https:\/\/www.cosmoty.de\/test\/wp-json\/wp\/v2\/media?parent=38422"}],"wp:term":[{"taxonomy":"category","embeddable":true,"href":"https:\/\/www.cosmoty.de\/test\/wp-json\/wp\/v2\/categories?post=38422"},{"taxonomy":"post_tag","embeddable":true,"href":"https:\/\/www.cosmoty.de\/test\/wp-json\/wp\/v2\/tags?post=38422"}],"curies":[{"name":"wp","href":"https:\/\/api.w.org\/{rel}","templated":true}]}}